{"id":3745,"date":"2023-06-22T23:23:55","date_gmt":"2023-06-22T21:23:55","guid":{"rendered":"https:\/\/areneslyriques.com\/uncategorized\/helenelatour\/"},"modified":"2023-07-02T14:34:53","modified_gmt":"2023-07-02T12:34:53","slug":"helenelatour","status":"publish","type":"post","link":"https:\/\/demo.areneslyriques.com\/en\/2021-musicians\/helenelatour\/","title":{"rendered":"H\u00e9l\u00e8ne Latour"},"content":{"rendered":"<div class=\"wpb-content-wrapper\"><p>[vc_row][vc_column][vc_single_image image=&#8221;1195&#8243; img_size=&#8221;300&#215;300&#8243; alignment=&#8221;center&#8221; style=&#8221;vc_box_circle&#8221;][vc_custom_heading source=&#8221;post_title&#8221; font_container=&#8221;tag:h1|font_size:35px|text_align:center|color:%23001021|line_height:55px&#8221; use_theme_fonts=&#8221;yes&#8221; css_animation=&#8221;fadeIn&#8221;][vc_column_text css_animation=&#8221;fadeIn&#8221;]<\/p>\n<p style=\"text-align: center;\">Violoncelle<\/p>\n<p>[\/vc_column_text][vc_column_text css_animation=&#8221;fadeIn&#8221;]<\/p>\n<p class=\"p1\" style=\"text-align: center;\">Apr\u00e8s ses \u00e9tudes musicales au Conservatoire de Bayonne, puis de Bordeaux, H\u00e9l\u00e8ne Latour entre au Conservatoire National Sup\u00e9rieur de Musique de Paris, dans les classes de Roland Pidoux pour le violoncelle et de Claire D\u00e9sert et Ami Flammer pour la Musique de Chambre.<br \/>\nElle poursuit sa formation avec Marc Coppey et re\u00e7oit une bourse pour \u00e9tudier \u00e0 l\u2019Universit\u00e9 de Montr\u00e9al, o\u00f9 elle obtient sa Ma\u00eetrise d\u2019Interpr\u00e9tation en 2009. H\u00e9l\u00e8ne a eu l\u2019occasion de participer \u00e0 de nombreuses masterclasses (Anner Bylsma, Quatuor Talich, Trio Wanderer, Yegor Dyachkov\u2026) et d\u2019enchanter le public dans des festivals europ\u00e9ens de renom : Saisons Musicales en Ard\u00e8che, Les Musicales d\u2019Hossegor, Musique en C\u00f4te Basque, Festival international de la Roque d\u2019Anth\u00e9ron, Schubertiades de Barcelone, Rencontres de Violoncelle de B\u00e9laye\u2026<br \/>\nElle a particip\u00e9 au dernier enregistrement de l\u2019ensemble Cairn, consacr\u00e9 \u00e0 la musique de Rapha\u00ebl Cendo (Furia, AEON 1224)<br \/>\nVioloncelliste soliste \u00e0 l\u2019Orchestre national de l\u2019Op\u00e9ra de Rouen, H\u00e9l\u00e8ne Latour joue \u00e9galement tr\u00e8s souvent avec l&#8217;Orchestre Philharmonique de Radio France ou l&#8217;Orchestre National du Capitole de Toulouse.<\/p>\n<p>[\/vc_column_text][\/vc_column][\/vc_row]<\/p>\n<\/div>","protected":false},"excerpt":{"rendered":"<p>Violoncelle<\/p>\n","protected":false},"author":2,"featured_media":1195,"comment_status":"closed","ping_status":"closed","sticky":false,"template":"","format":"aside","meta":{"footnotes":""},"categories":[59],"tags":[],"class_list":["post-3745","post","type-post","status-publish","format-aside","has-post-thumbnail","hentry","category-2021-musicians","post_format-post-format-aside"],"yoast_head":"<!-- This site is optimized with the Yoast SEO plugin v25.1 - https:\/\/yoast.com\/wordpress\/plugins\/seo\/ -->\n<title>H\u00e9l\u00e8ne Latour &#8226; Les Ar\u00e8nes Lyriques<\/title>\n<meta name=\"robots\" content=\"noindex, follow, max-snippet:-1, max-image-preview:large, max-video-preview:-1\" \/>\n<meta property=\"og:locale\" content=\"en_US\" \/>\n<meta property=\"og:type\" content=\"article\" \/>\n<meta property=\"og:title\" content=\"H\u00e9l\u00e8ne Latour &#8226; Les Ar\u00e8nes Lyriques\" \/>\n<meta property=\"og:description\" content=\"Violoncelle\" \/>\n<meta property=\"og:url\" content=\"https:\/\/demo.areneslyriques.com\/en\/2021-musicians\/helenelatour\/\" \/>\n<meta property=\"og:site_name\" content=\"Les Ar\u00e8nes Lyriques\" \/>\n<meta property=\"article:publisher\" content=\"https:\/\/www.facebook.com\/areneslyriques\" \/>\n<meta property=\"article:published_time\" content=\"2023-06-22T21:23:55+00:00\" \/>\n<meta property=\"article:modified_time\" content=\"2023-07-02T12:34:53+00:00\" \/>\n<meta property=\"og:image\" content=\"https:\/\/demo.areneslyriques.com\/wp-content\/uploads\/2021\/07\/Helene-Latour-copie.png\" \/>\n\t<meta property=\"og:image:width\" content=\"601\" \/>\n\t<meta property=\"og:image:height\" content=\"601\" \/>\n\t<meta property=\"og:image:type\" content=\"image\/png\" \/>\n<meta name=\"author\" content=\"Les Ar\u00e8nes Lyriques\" \/>\n<meta name=\"twitter:card\" content=\"summary_large_image\" \/>\n<meta name=\"twitter:label1\" content=\"Written by\" \/>\n\t<meta name=\"twitter:data1\" content=\"Les Ar\u00e8nes Lyriques\" \/>\n\t<meta name=\"twitter:label2\" content=\"Est. reading time\" \/>\n\t<meta name=\"twitter:data2\" content=\"1 minute\" \/>\n<script type=\"application\/ld+json\" class=\"yoast-schema-graph\">{\"@context\":\"https:\/\/schema.org\",\"@graph\":[{\"@type\":\"Article\",\"@id\":\"https:\/\/demo.areneslyriques.com\/en\/2021-musicians\/helenelatour\/#article\",\"isPartOf\":{\"@id\":\"https:\/\/demo.areneslyriques.com\/en\/2021-musicians\/helenelatour\/\"},\"author\":{\"name\":\"Les Ar\u00e8nes Lyriques\",\"@id\":\"https:\/\/demo.areneslyriques.com\/en\/#\/schema\/person\/8c2366b8b1e8292ea2c9bf317aebf99b\"},\"headline\":\"H\u00e9l\u00e8ne Latour\",\"datePublished\":\"2023-06-22T21:23:55+00:00\",\"dateModified\":\"2023-07-02T12:34:53+00:00\",\"mainEntityOfPage\":{\"@id\":\"https:\/\/demo.areneslyriques.com\/en\/2021-musicians\/helenelatour\/\"},\"wordCount\":265,\"publisher\":{\"@id\":\"https:\/\/demo.areneslyriques.com\/en\/#organization\"},\"image\":{\"@id\":\"https:\/\/demo.areneslyriques.com\/en\/2021-musicians\/helenelatour\/#primaryimage\"},\"thumbnailUrl\":\"https:\/\/demo.areneslyriques.com\/wp-content\/uploads\/2021\/07\/Helene-Latour-copie.png\",\"articleSection\":[\"2021 Musicians\"],\"inLanguage\":\"en-US\"},{\"@type\":\"WebPage\",\"@id\":\"https:\/\/demo.areneslyriques.com\/en\/2021-musicians\/helenelatour\/\",\"url\":\"https:\/\/demo.areneslyriques.com\/en\/2021-musicians\/helenelatour\/\",\"name\":\"H\u00e9l\u00e8ne Latour &#8226; Les Ar\u00e8nes Lyriques\",\"isPartOf\":{\"@id\":\"https:\/\/demo.areneslyriques.com\/en\/#website\"},\"primaryImageOfPage\":{\"@id\":\"https:\/\/demo.areneslyriques.com\/en\/2021-musicians\/helenelatour\/#primaryimage\"},\"image\":{\"@id\":\"https:\/\/demo.areneslyriques.com\/en\/2021-musicians\/helenelatour\/#primaryimage\"},\"thumbnailUrl\":\"https:\/\/demo.areneslyriques.com\/wp-content\/uploads\/2021\/07\/Helene-Latour-copie.png\",\"datePublished\":\"2023-06-22T21:23:55+00:00\",\"dateModified\":\"2023-07-02T12:34:53+00:00\",\"inLanguage\":\"en-US\",\"potentialAction\":[{\"@type\":\"ReadAction\",\"target\":[\"https:\/\/demo.areneslyriques.com\/en\/2021-musicians\/helenelatour\/\"]}]},{\"@type\":\"ImageObject\",\"inLanguage\":\"en-US\",\"@id\":\"https:\/\/demo.areneslyriques.com\/en\/2021-musicians\/helenelatour\/#primaryimage\",\"url\":\"https:\/\/demo.areneslyriques.com\/wp-content\/uploads\/2021\/07\/Helene-Latour-copie.png\",\"contentUrl\":\"https:\/\/demo.areneslyriques.com\/wp-content\/uploads\/2021\/07\/Helene-Latour-copie.png\",\"width\":601,\"height\":601},{\"@type\":\"WebSite\",\"@id\":\"https:\/\/demo.areneslyriques.com\/en\/#website\",\"url\":\"https:\/\/demo.areneslyriques.com\/en\/\",\"name\":\"Les Ar\u00e8nes Lyriques | Le Concert de Montmartre\",\"description\":\"Nuits Classique \u00e0 Montmartre\",\"publisher\":{\"@id\":\"https:\/\/demo.areneslyriques.com\/en\/#organization\"},\"potentialAction\":[{\"@type\":\"SearchAction\",\"target\":{\"@type\":\"EntryPoint\",\"urlTemplate\":\"https:\/\/demo.areneslyriques.com\/en\/?s={search_term_string}\"},\"query-input\":{\"@type\":\"PropertyValueSpecification\",\"valueRequired\":true,\"valueName\":\"search_term_string\"}}],\"inLanguage\":\"en-US\"},{\"@type\":\"Organization\",\"@id\":\"https:\/\/demo.areneslyriques.com\/en\/#organization\",\"name\":\"Les Ar\u00e8nes Lyriques | Le Concert de Montmartre\",\"url\":\"https:\/\/demo.areneslyriques.com\/en\/\",\"logo\":{\"@type\":\"ImageObject\",\"inLanguage\":\"en-US\",\"@id\":\"https:\/\/demo.areneslyriques.com\/en\/#\/schema\/logo\/image\/\",\"url\":\"https:\/\/i0.wp.com\/areneslyriques.com\/wp-content\/uploads\/2023\/06\/les-arenes-lyriques-logo-bleu-2023.png?fit=1835%2C172&ssl=1\",\"contentUrl\":\"https:\/\/i0.wp.com\/areneslyriques.com\/wp-content\/uploads\/2023\/06\/les-arenes-lyriques-logo-bleu-2023.png?fit=1835%2C172&ssl=1\",\"width\":1835,\"height\":172,\"caption\":\"Les Ar\u00e8nes Lyriques | Le Concert de Montmartre\"},\"image\":{\"@id\":\"https:\/\/demo.areneslyriques.com\/en\/#\/schema\/logo\/image\/\"},\"sameAs\":[\"https:\/\/www.facebook.com\/areneslyriques\",\"https:\/\/www.instagram.com\/les.arenes.lyriques\/\"]},{\"@type\":\"Person\",\"@id\":\"https:\/\/demo.areneslyriques.com\/en\/#\/schema\/person\/8c2366b8b1e8292ea2c9bf317aebf99b\",\"name\":\"Les Ar\u00e8nes Lyriques\",\"url\":\"https:\/\/demo.areneslyriques.com\/en\/author\/nina\/\"}]}<\/script>\n<!-- \/ Yoast SEO plugin. -->","yoast_head_json":{"title":"H\u00e9l\u00e8ne Latour &#8226; Les Ar\u00e8nes Lyriques","robots":{"index":"noindex","follow":"follow","max-snippet":"max-snippet:-1","max-image-preview":"max-image-preview:large","max-video-preview":"max-video-preview:-1"},"og_locale":"en_US","og_type":"article","og_title":"H\u00e9l\u00e8ne Latour &#8226; Les Ar\u00e8nes Lyriques","og_description":"Violoncelle","og_url":"https:\/\/demo.areneslyriques.com\/en\/2021-musicians\/helenelatour\/","og_site_name":"Les Ar\u00e8nes Lyriques","article_publisher":"https:\/\/www.facebook.com\/areneslyriques","article_published_time":"2023-06-22T21:23:55+00:00","article_modified_time":"2023-07-02T12:34:53+00:00","og_image":[{"width":601,"height":601,"url":"https:\/\/demo.areneslyriques.com\/wp-content\/uploads\/2021\/07\/Helene-Latour-copie.png","type":"image\/png"}],"author":"Les Ar\u00e8nes Lyriques","twitter_card":"summary_large_image","twitter_misc":{"Written by":"Les Ar\u00e8nes Lyriques","Est. reading time":"1 minute"},"schema":{"@context":"https:\/\/schema.org","@graph":[{"@type":"Article","@id":"https:\/\/demo.areneslyriques.com\/en\/2021-musicians\/helenelatour\/#article","isPartOf":{"@id":"https:\/\/demo.areneslyriques.com\/en\/2021-musicians\/helenelatour\/"},"author":{"name":"Les Ar\u00e8nes Lyriques","@id":"https:\/\/demo.areneslyriques.com\/en\/#\/schema\/person\/8c2366b8b1e8292ea2c9bf317aebf99b"},"headline":"H\u00e9l\u00e8ne Latour","datePublished":"2023-06-22T21:23:55+00:00","dateModified":"2023-07-02T12:34:53+00:00","mainEntityOfPage":{"@id":"https:\/\/demo.areneslyriques.com\/en\/2021-musicians\/helenelatour\/"},"wordCount":265,"publisher":{"@id":"https:\/\/demo.areneslyriques.com\/en\/#organization"},"image":{"@id":"https:\/\/demo.areneslyriques.com\/en\/2021-musicians\/helenelatour\/#primaryimage"},"thumbnailUrl":"https:\/\/demo.areneslyriques.com\/wp-content\/uploads\/2021\/07\/Helene-Latour-copie.png","articleSection":["2021 Musicians"],"inLanguage":"en-US"},{"@type":"WebPage","@id":"https:\/\/demo.areneslyriques.com\/en\/2021-musicians\/helenelatour\/","url":"https:\/\/demo.areneslyriques.com\/en\/2021-musicians\/helenelatour\/","name":"H\u00e9l\u00e8ne Latour &#8226; Les Ar\u00e8nes Lyriques","isPartOf":{"@id":"https:\/\/demo.areneslyriques.com\/en\/#website"},"primaryImageOfPage":{"@id":"https:\/\/demo.areneslyriques.com\/en\/2021-musicians\/helenelatour\/#primaryimage"},"image":{"@id":"https:\/\/demo.areneslyriques.com\/en\/2021-musicians\/helenelatour\/#primaryimage"},"thumbnailUrl":"https:\/\/demo.areneslyriques.com\/wp-content\/uploads\/2021\/07\/Helene-Latour-copie.png","datePublished":"2023-06-22T21:23:55+00:00","dateModified":"2023-07-02T12:34:53+00:00","inLanguage":"en-US","potentialAction":[{"@type":"ReadAction","target":["https:\/\/demo.areneslyriques.com\/en\/2021-musicians\/helenelatour\/"]}]},{"@type":"ImageObject","inLanguage":"en-US","@id":"https:\/\/demo.areneslyriques.com\/en\/2021-musicians\/helenelatour\/#primaryimage","url":"https:\/\/demo.areneslyriques.com\/wp-content\/uploads\/2021\/07\/Helene-Latour-copie.png","contentUrl":"https:\/\/demo.areneslyriques.com\/wp-content\/uploads\/2021\/07\/Helene-Latour-copie.png","width":601,"height":601},{"@type":"WebSite","@id":"https:\/\/demo.areneslyriques.com\/en\/#website","url":"https:\/\/demo.areneslyriques.com\/en\/","name":"Les Ar\u00e8nes Lyriques | Le Concert de Montmartre","description":"Nuits Classique \u00e0 Montmartre","publisher":{"@id":"https:\/\/demo.areneslyriques.com\/en\/#organization"},"potentialAction":[{"@type":"SearchAction","target":{"@type":"EntryPoint","urlTemplate":"https:\/\/demo.areneslyriques.com\/en\/?s={search_term_string}"},"query-input":{"@type":"PropertyValueSpecification","valueRequired":true,"valueName":"search_term_string"}}],"inLanguage":"en-US"},{"@type":"Organization","@id":"https:\/\/demo.areneslyriques.com\/en\/#organization","name":"Les Ar\u00e8nes Lyriques | Le Concert de Montmartre","url":"https:\/\/demo.areneslyriques.com\/en\/","logo":{"@type":"ImageObject","inLanguage":"en-US","@id":"https:\/\/demo.areneslyriques.com\/en\/#\/schema\/logo\/image\/","url":"https:\/\/i0.wp.com\/areneslyriques.com\/wp-content\/uploads\/2023\/06\/les-arenes-lyriques-logo-bleu-2023.png?fit=1835%2C172&ssl=1","contentUrl":"https:\/\/i0.wp.com\/areneslyriques.com\/wp-content\/uploads\/2023\/06\/les-arenes-lyriques-logo-bleu-2023.png?fit=1835%2C172&ssl=1","width":1835,"height":172,"caption":"Les Ar\u00e8nes Lyriques | Le Concert de Montmartre"},"image":{"@id":"https:\/\/demo.areneslyriques.com\/en\/#\/schema\/logo\/image\/"},"sameAs":["https:\/\/www.facebook.com\/areneslyriques","https:\/\/www.instagram.com\/les.arenes.lyriques\/"]},{"@type":"Person","@id":"https:\/\/demo.areneslyriques.com\/en\/#\/schema\/person\/8c2366b8b1e8292ea2c9bf317aebf99b","name":"Les Ar\u00e8nes Lyriques","url":"https:\/\/demo.areneslyriques.com\/en\/author\/nina\/"}]}},"fimg_url":"https:\/\/demo.areneslyriques.com\/wp-content\/uploads\/2021\/07\/Helene-Latour-copie.png","_links":{"self":[{"href":"https:\/\/demo.areneslyriques.com\/en\/wp-json\/wp\/v2\/posts\/3745","targetHints":{"allow":["GET"]}}],"collection":[{"href":"https:\/\/demo.areneslyriques.com\/en\/wp-json\/wp\/v2\/posts"}],"about":[{"href":"https:\/\/demo.areneslyriques.com\/en\/wp-json\/wp\/v2\/types\/post"}],"author":[{"embeddable":true,"href":"https:\/\/demo.areneslyriques.com\/en\/wp-json\/wp\/v2\/users\/2"}],"replies":[{"embeddable":true,"href":"https:\/\/demo.areneslyriques.com\/en\/wp-json\/wp\/v2\/comments?post=3745"}],"version-history":[{"count":4,"href":"https:\/\/demo.areneslyriques.com\/en\/wp-json\/wp\/v2\/posts\/3745\/revisions"}],"predecessor-version":[{"id":4185,"href":"https:\/\/demo.areneslyriques.com\/en\/wp-json\/wp\/v2\/posts\/3745\/revisions\/4185"}],"wp:featuredmedia":[{"embeddable":true,"href":"https:\/\/demo.areneslyriques.com\/en\/wp-json\/wp\/v2\/media\/1195"}],"wp:attachment":[{"href":"https:\/\/demo.areneslyriques.com\/en\/wp-json\/wp\/v2\/media?parent=3745"}],"wp:term":[{"taxonomy":"category","embeddable":true,"href":"https:\/\/demo.areneslyriques.com\/en\/wp-json\/wp\/v2\/categories?post=3745"},{"taxonomy":"post_tag","embeddable":true,"href":"https:\/\/demo.areneslyriques.com\/en\/wp-json\/wp\/v2\/tags?post=3745"}],"curies":[{"name":"wp","href":"https:\/\/api.w.org\/{rel}","templated":true}]}}