{"id":3728,"date":"2023-06-22T23:17:59","date_gmt":"2023-06-22T21:17:59","guid":{"rendered":"https:\/\/areneslyriques.com\/uncategorized\/valentinneumann\/"},"modified":"2025-06-15T19:31:35","modified_gmt":"2025-06-15T17:31:35","slug":"valentinneumann","status":"publish","type":"post","link":"https:\/\/demo.areneslyriques.com\/en\/2021-musicians\/valentinneumann\/","title":{"rendered":"Valentin Neumann"},"content":{"rendered":"<div class=\"wpb-content-wrapper\"><p>[vc_row][vc_column][vc_single_image image=&#8221;1435&#8243; img_size=&#8221;300&#215;300&#8243; alignment=&#8221;center&#8221; style=&#8221;vc_box_circle&#8221;][vc_custom_heading source=&#8221;post_title&#8221; font_container=&#8221;tag:h1|font_size:35px|text_align:center|color:%23001021|line_height:55px&#8221; use_theme_fonts=&#8221;yes&#8221; css_animation=&#8221;fadeIn&#8221;][vc_column_text css_animation=&#8221;fadeIn&#8221;]<\/p>\n<p style=\"text-align: center;\">Basson<\/p>\n<p style=\"text-align: center;\">Valentin d\u00e9couvre le basson \u00e0 l\u2019\u00e2ge de 7 ans au conservatoire \u00e0 Rayonnement R\u00e9gional de Cergy-Pontoise avec Ludovic Tissus. Dipl\u00f4m\u00e9 de ce m\u00eame conservatoire, et de la Sorbonne en Musique et Musicologie, Valentin obtient sa licence de basson au CNSMDP en 2020. Il se produit dans des orchestres tels que l&#8217;Orchestre Op\u00e9ra National de Montpellier, l&#8217;Orchestre Philharmonique de Strasbourg ou encore l&#8217;Orchestre National de France. Mais aussi dans des tourn\u00e9es nationales de com\u00e9die musicales.<\/p>\n<p>[\/vc_column_text][\/vc_column][\/vc_row]<\/p>\n<\/div>","protected":false},"excerpt":{"rendered":"<p>Basson<\/p>\n","protected":false},"author":2,"featured_media":1435,"comment_status":"closed","ping_status":"closed","sticky":false,"template":"","format":"aside","meta":{"footnotes":""},"categories":[59],"tags":[],"class_list":["post-3728","post","type-post","status-publish","format-aside","has-post-thumbnail","hentry","category-2021-musicians","post_format-post-format-aside"],"yoast_head":"<!-- This site is optimized with the Yoast SEO plugin v25.1 - https:\/\/yoast.com\/wordpress\/plugins\/seo\/ -->\n<title>Valentin Neumann &#8226; Les Ar\u00e8nes Lyriques<\/title>\n<meta name=\"robots\" content=\"noindex, follow, max-snippet:-1, max-image-preview:large, max-video-preview:-1\" \/>\n<meta property=\"og:locale\" content=\"en_US\" \/>\n<meta property=\"og:type\" content=\"article\" \/>\n<meta property=\"og:title\" content=\"Valentin Neumann &#8226; Les Ar\u00e8nes Lyriques\" \/>\n<meta property=\"og:description\" content=\"Basson\" \/>\n<meta property=\"og:url\" content=\"https:\/\/demo.areneslyriques.com\/en\/2021-musicians\/valentinneumann\/\" \/>\n<meta property=\"og:site_name\" content=\"Les Ar\u00e8nes Lyriques\" \/>\n<meta property=\"article:publisher\" content=\"https:\/\/www.facebook.com\/areneslyriques\" \/>\n<meta property=\"article:published_time\" content=\"2023-06-22T21:17:59+00:00\" \/>\n<meta property=\"article:modified_time\" content=\"2025-06-15T17:31:35+00:00\" \/>\n<meta property=\"og:image\" content=\"https:\/\/demo.areneslyriques.com\/wp-content\/uploads\/2019\/07\/valentin.png\" \/>\n\t<meta property=\"og:image:width\" content=\"300\" \/>\n\t<meta property=\"og:image:height\" content=\"300\" \/>\n\t<meta property=\"og:image:type\" content=\"image\/png\" \/>\n<meta name=\"author\" content=\"Les Ar\u00e8nes Lyriques\" \/>\n<meta name=\"twitter:card\" content=\"summary_large_image\" \/>\n<meta name=\"twitter:label1\" content=\"Written by\" \/>\n\t<meta name=\"twitter:data1\" content=\"Les Ar\u00e8nes Lyriques\" \/>\n\t<meta name=\"twitter:label2\" content=\"Est. reading time\" \/>\n\t<meta name=\"twitter:data2\" content=\"1 minute\" \/>\n<script type=\"application\/ld+json\" class=\"yoast-schema-graph\">{\"@context\":\"https:\/\/schema.org\",\"@graph\":[{\"@type\":\"Article\",\"@id\":\"https:\/\/demo.areneslyriques.com\/en\/2021-musicians\/valentinneumann\/#article\",\"isPartOf\":{\"@id\":\"https:\/\/demo.areneslyriques.com\/en\/2021-musicians\/valentinneumann\/\"},\"author\":{\"name\":\"Les Ar\u00e8nes Lyriques\",\"@id\":\"https:\/\/demo.areneslyriques.com\/en\/#\/schema\/person\/8c2366b8b1e8292ea2c9bf317aebf99b\"},\"headline\":\"Valentin Neumann\",\"datePublished\":\"2023-06-22T21:17:59+00:00\",\"dateModified\":\"2025-06-15T17:31:35+00:00\",\"mainEntityOfPage\":{\"@id\":\"https:\/\/demo.areneslyriques.com\/en\/2021-musicians\/valentinneumann\/\"},\"wordCount\":141,\"publisher\":{\"@id\":\"https:\/\/demo.areneslyriques.com\/en\/#organization\"},\"image\":{\"@id\":\"https:\/\/demo.areneslyriques.com\/en\/2021-musicians\/valentinneumann\/#primaryimage\"},\"thumbnailUrl\":\"https:\/\/demo.areneslyriques.com\/wp-content\/uploads\/2019\/07\/valentin.png\",\"articleSection\":[\"2021 Musicians\"],\"inLanguage\":\"en-US\"},{\"@type\":\"WebPage\",\"@id\":\"https:\/\/demo.areneslyriques.com\/en\/2021-musicians\/valentinneumann\/\",\"url\":\"https:\/\/demo.areneslyriques.com\/en\/2021-musicians\/valentinneumann\/\",\"name\":\"Valentin Neumann &#8226; Les Ar\u00e8nes Lyriques\",\"isPartOf\":{\"@id\":\"https:\/\/demo.areneslyriques.com\/en\/#website\"},\"primaryImageOfPage\":{\"@id\":\"https:\/\/demo.areneslyriques.com\/en\/2021-musicians\/valentinneumann\/#primaryimage\"},\"image\":{\"@id\":\"https:\/\/demo.areneslyriques.com\/en\/2021-musicians\/valentinneumann\/#primaryimage\"},\"thumbnailUrl\":\"https:\/\/demo.areneslyriques.com\/wp-content\/uploads\/2019\/07\/valentin.png\",\"datePublished\":\"2023-06-22T21:17:59+00:00\",\"dateModified\":\"2025-06-15T17:31:35+00:00\",\"inLanguage\":\"en-US\",\"potentialAction\":[{\"@type\":\"ReadAction\",\"target\":[\"https:\/\/demo.areneslyriques.com\/en\/2021-musicians\/valentinneumann\/\"]}]},{\"@type\":\"ImageObject\",\"inLanguage\":\"en-US\",\"@id\":\"https:\/\/demo.areneslyriques.com\/en\/2021-musicians\/valentinneumann\/#primaryimage\",\"url\":\"https:\/\/demo.areneslyriques.com\/wp-content\/uploads\/2019\/07\/valentin.png\",\"contentUrl\":\"https:\/\/demo.areneslyriques.com\/wp-content\/uploads\/2019\/07\/valentin.png\",\"width\":300,\"height\":300},{\"@type\":\"WebSite\",\"@id\":\"https:\/\/demo.areneslyriques.com\/en\/#website\",\"url\":\"https:\/\/demo.areneslyriques.com\/en\/\",\"name\":\"Les Ar\u00e8nes Lyriques | Le Concert de Montmartre\",\"description\":\"Nuits Classique \u00e0 Montmartre\",\"publisher\":{\"@id\":\"https:\/\/demo.areneslyriques.com\/en\/#organization\"},\"potentialAction\":[{\"@type\":\"SearchAction\",\"target\":{\"@type\":\"EntryPoint\",\"urlTemplate\":\"https:\/\/demo.areneslyriques.com\/en\/?s={search_term_string}\"},\"query-input\":{\"@type\":\"PropertyValueSpecification\",\"valueRequired\":true,\"valueName\":\"search_term_string\"}}],\"inLanguage\":\"en-US\"},{\"@type\":\"Organization\",\"@id\":\"https:\/\/demo.areneslyriques.com\/en\/#organization\",\"name\":\"Les Ar\u00e8nes Lyriques | Le Concert de Montmartre\",\"url\":\"https:\/\/demo.areneslyriques.com\/en\/\",\"logo\":{\"@type\":\"ImageObject\",\"inLanguage\":\"en-US\",\"@id\":\"https:\/\/demo.areneslyriques.com\/en\/#\/schema\/logo\/image\/\",\"url\":\"https:\/\/i0.wp.com\/areneslyriques.com\/wp-content\/uploads\/2023\/06\/les-arenes-lyriques-logo-bleu-2023.png?fit=1835%2C172&ssl=1\",\"contentUrl\":\"https:\/\/i0.wp.com\/areneslyriques.com\/wp-content\/uploads\/2023\/06\/les-arenes-lyriques-logo-bleu-2023.png?fit=1835%2C172&ssl=1\",\"width\":1835,\"height\":172,\"caption\":\"Les Ar\u00e8nes Lyriques | Le Concert de Montmartre\"},\"image\":{\"@id\":\"https:\/\/demo.areneslyriques.com\/en\/#\/schema\/logo\/image\/\"},\"sameAs\":[\"https:\/\/www.facebook.com\/areneslyriques\",\"https:\/\/www.instagram.com\/les.arenes.lyriques\/\"]},{\"@type\":\"Person\",\"@id\":\"https:\/\/demo.areneslyriques.com\/en\/#\/schema\/person\/8c2366b8b1e8292ea2c9bf317aebf99b\",\"name\":\"Les Ar\u00e8nes Lyriques\",\"url\":\"https:\/\/demo.areneslyriques.com\/en\/author\/nina\/\"}]}<\/script>\n<!-- \/ Yoast SEO plugin. -->","yoast_head_json":{"title":"Valentin Neumann &#8226; Les Ar\u00e8nes Lyriques","robots":{"index":"noindex","follow":"follow","max-snippet":"max-snippet:-1","max-image-preview":"max-image-preview:large","max-video-preview":"max-video-preview:-1"},"og_locale":"en_US","og_type":"article","og_title":"Valentin Neumann &#8226; Les Ar\u00e8nes Lyriques","og_description":"Basson","og_url":"https:\/\/demo.areneslyriques.com\/en\/2021-musicians\/valentinneumann\/","og_site_name":"Les Ar\u00e8nes Lyriques","article_publisher":"https:\/\/www.facebook.com\/areneslyriques","article_published_time":"2023-06-22T21:17:59+00:00","article_modified_time":"2025-06-15T17:31:35+00:00","og_image":[{"width":300,"height":300,"url":"https:\/\/demo.areneslyriques.com\/wp-content\/uploads\/2019\/07\/valentin.png","type":"image\/png"}],"author":"Les Ar\u00e8nes Lyriques","twitter_card":"summary_large_image","twitter_misc":{"Written by":"Les Ar\u00e8nes Lyriques","Est. reading time":"1 minute"},"schema":{"@context":"https:\/\/schema.org","@graph":[{"@type":"Article","@id":"https:\/\/demo.areneslyriques.com\/en\/2021-musicians\/valentinneumann\/#article","isPartOf":{"@id":"https:\/\/demo.areneslyriques.com\/en\/2021-musicians\/valentinneumann\/"},"author":{"name":"Les Ar\u00e8nes Lyriques","@id":"https:\/\/demo.areneslyriques.com\/en\/#\/schema\/person\/8c2366b8b1e8292ea2c9bf317aebf99b"},"headline":"Valentin Neumann","datePublished":"2023-06-22T21:17:59+00:00","dateModified":"2025-06-15T17:31:35+00:00","mainEntityOfPage":{"@id":"https:\/\/demo.areneslyriques.com\/en\/2021-musicians\/valentinneumann\/"},"wordCount":141,"publisher":{"@id":"https:\/\/demo.areneslyriques.com\/en\/#organization"},"image":{"@id":"https:\/\/demo.areneslyriques.com\/en\/2021-musicians\/valentinneumann\/#primaryimage"},"thumbnailUrl":"https:\/\/demo.areneslyriques.com\/wp-content\/uploads\/2019\/07\/valentin.png","articleSection":["2021 Musicians"],"inLanguage":"en-US"},{"@type":"WebPage","@id":"https:\/\/demo.areneslyriques.com\/en\/2021-musicians\/valentinneumann\/","url":"https:\/\/demo.areneslyriques.com\/en\/2021-musicians\/valentinneumann\/","name":"Valentin Neumann &#8226; Les Ar\u00e8nes Lyriques","isPartOf":{"@id":"https:\/\/demo.areneslyriques.com\/en\/#website"},"primaryImageOfPage":{"@id":"https:\/\/demo.areneslyriques.com\/en\/2021-musicians\/valentinneumann\/#primaryimage"},"image":{"@id":"https:\/\/demo.areneslyriques.com\/en\/2021-musicians\/valentinneumann\/#primaryimage"},"thumbnailUrl":"https:\/\/demo.areneslyriques.com\/wp-content\/uploads\/2019\/07\/valentin.png","datePublished":"2023-06-22T21:17:59+00:00","dateModified":"2025-06-15T17:31:35+00:00","inLanguage":"en-US","potentialAction":[{"@type":"ReadAction","target":["https:\/\/demo.areneslyriques.com\/en\/2021-musicians\/valentinneumann\/"]}]},{"@type":"ImageObject","inLanguage":"en-US","@id":"https:\/\/demo.areneslyriques.com\/en\/2021-musicians\/valentinneumann\/#primaryimage","url":"https:\/\/demo.areneslyriques.com\/wp-content\/uploads\/2019\/07\/valentin.png","contentUrl":"https:\/\/demo.areneslyriques.com\/wp-content\/uploads\/2019\/07\/valentin.png","width":300,"height":300},{"@type":"WebSite","@id":"https:\/\/demo.areneslyriques.com\/en\/#website","url":"https:\/\/demo.areneslyriques.com\/en\/","name":"Les Ar\u00e8nes Lyriques | Le Concert de Montmartre","description":"Nuits Classique \u00e0 Montmartre","publisher":{"@id":"https:\/\/demo.areneslyriques.com\/en\/#organization"},"potentialAction":[{"@type":"SearchAction","target":{"@type":"EntryPoint","urlTemplate":"https:\/\/demo.areneslyriques.com\/en\/?s={search_term_string}"},"query-input":{"@type":"PropertyValueSpecification","valueRequired":true,"valueName":"search_term_string"}}],"inLanguage":"en-US"},{"@type":"Organization","@id":"https:\/\/demo.areneslyriques.com\/en\/#organization","name":"Les Ar\u00e8nes Lyriques | Le Concert de Montmartre","url":"https:\/\/demo.areneslyriques.com\/en\/","logo":{"@type":"ImageObject","inLanguage":"en-US","@id":"https:\/\/demo.areneslyriques.com\/en\/#\/schema\/logo\/image\/","url":"https:\/\/i0.wp.com\/areneslyriques.com\/wp-content\/uploads\/2023\/06\/les-arenes-lyriques-logo-bleu-2023.png?fit=1835%2C172&ssl=1","contentUrl":"https:\/\/i0.wp.com\/areneslyriques.com\/wp-content\/uploads\/2023\/06\/les-arenes-lyriques-logo-bleu-2023.png?fit=1835%2C172&ssl=1","width":1835,"height":172,"caption":"Les Ar\u00e8nes Lyriques | Le Concert de Montmartre"},"image":{"@id":"https:\/\/demo.areneslyriques.com\/en\/#\/schema\/logo\/image\/"},"sameAs":["https:\/\/www.facebook.com\/areneslyriques","https:\/\/www.instagram.com\/les.arenes.lyriques\/"]},{"@type":"Person","@id":"https:\/\/demo.areneslyriques.com\/en\/#\/schema\/person\/8c2366b8b1e8292ea2c9bf317aebf99b","name":"Les Ar\u00e8nes Lyriques","url":"https:\/\/demo.areneslyriques.com\/en\/author\/nina\/"}]}},"fimg_url":"https:\/\/demo.areneslyriques.com\/wp-content\/uploads\/2019\/07\/valentin.png","_links":{"self":[{"href":"https:\/\/demo.areneslyriques.com\/en\/wp-json\/wp\/v2\/posts\/3728","targetHints":{"allow":["GET"]}}],"collection":[{"href":"https:\/\/demo.areneslyriques.com\/en\/wp-json\/wp\/v2\/posts"}],"about":[{"href":"https:\/\/demo.areneslyriques.com\/en\/wp-json\/wp\/v2\/types\/post"}],"author":[{"embeddable":true,"href":"https:\/\/demo.areneslyriques.com\/en\/wp-json\/wp\/v2\/users\/2"}],"replies":[{"embeddable":true,"href":"https:\/\/demo.areneslyriques.com\/en\/wp-json\/wp\/v2\/comments?post=3728"}],"version-history":[{"count":4,"href":"https:\/\/demo.areneslyriques.com\/en\/wp-json\/wp\/v2\/posts\/3728\/revisions"}],"predecessor-version":[{"id":4190,"href":"https:\/\/demo.areneslyriques.com\/en\/wp-json\/wp\/v2\/posts\/3728\/revisions\/4190"}],"wp:featuredmedia":[{"embeddable":true,"href":"https:\/\/demo.areneslyriques.com\/en\/wp-json\/wp\/v2\/media\/1435"}],"wp:attachment":[{"href":"https:\/\/demo.areneslyriques.com\/en\/wp-json\/wp\/v2\/media?parent=3728"}],"wp:term":[{"taxonomy":"category","embeddable":true,"href":"https:\/\/demo.areneslyriques.com\/en\/wp-json\/wp\/v2\/categories?post=3728"},{"taxonomy":"post_tag","embeddable":true,"href":"https:\/\/demo.areneslyriques.com\/en\/wp-json\/wp\/v2\/tags?post=3728"}],"curies":[{"name":"wp","href":"https:\/\/api.w.org\/{rel}","templated":true}]}}